{"id":13678,"date":"2025-12-09T16:12:22","date_gmt":"2025-12-09T21:12:22","guid":{"rendered":"https:\/\/www.printempsnumerique.ca\/?p=13678"},"modified":"2025-12-09T16:14:37","modified_gmt":"2025-12-09T21:14:37","slug":"digital-cafe-at-complexe-desjardins-360-immersive-projections-and-creative-workshops","status":"publish","type":"post","link":"https:\/\/www.printempsnumerique.ca\/en\/news\/article\/digital-cafe-at-complexe-desjardins-360-immersive-projections-and-creative-workshops\/","title":{"rendered":"Digital Caf\u00e9 at Complexe Desjardins: 360\u00b0 Immersive Projections and Creative Workshops"},"content":{"rendered":"<p><span style=\"font-weight: 400;\">From October 25 to November 1, as part of the <\/span><b>artistic program of MTL connect<\/b><span style=\"font-weight: 400;\">, the public was invited to take part in a <\/span><b>Digital Caf\u00e9<\/b><span style=\"font-weight: 400;\"> at the Grande Place of Complexe Desjardins in the Quartier des spectacles. This free event offered fully immersive experiences combining projections and interactive workshops inside Printemps num\u00e9rique\u2019s mobile 360\u00b0 dome.<\/span><\/p>\n<p><span style=\"font-weight: 400;\">More than <\/span><b>2,375 visitors<\/b><span style=\"font-weight: 400;\"> stepped inside the dome, along with about a <\/span><b>hundred young participants<\/b><span style=\"font-weight: 400;\"> who attended the digital mediation workshops. Everyone had the chance to dive into a world where art meets science and technology, through works that stimulate both the senses and the imagination.<\/span><\/p>\n<h2><span style=\"font-weight: 400;\">Four Immersive Worlds<\/span><\/h2>\n<p><span style=\"font-weight: 400;\">This year, the 360\u00b0 dome program featured four captivating themes, each exploring different emotions and imaginative landscapes:<\/span><\/p>\n<ul>\n<li style=\"font-weight: 400;\" aria-level=\"1\"><span style=\"font-weight: 400;\">One Sky, Many Cultures<\/span><\/li>\n<li style=\"font-weight: 400;\" aria-level=\"1\"><span style=\"font-weight: 400;\">One Childhood, Many Memories<\/span><\/li>\n<li style=\"font-weight: 400;\" aria-level=\"1\"><span style=\"font-weight: 400;\">One Humanity, Many Movements<\/span><\/li>\n<li style=\"font-weight: 400;\" aria-level=\"1\"><span style=\"font-weight: 400;\">One Landscape, Many Imaginaries<\/span><\/li>\n<\/ul>\n<p><span style=\"font-weight: 400;\">Created by artists from here and abroad, these works offered a fascinating encounter between digital art and technological innovation.<\/span><\/p>\n<h2><span style=\"font-weight: 400;\">International Artists in the Spotlight<\/span><\/h2>\n<p><span style=\"font-weight: 400;\">The public discovered creations by more than a dozen renowned international artists, including: <\/span><a href=\"https:\/\/www.sg360studio.com\/\"><span style=\"font-weight: 400;\">S\u00e9bastien Gauthier<\/span><\/a><span style=\"font-weight: 400;\">, <\/span><a href=\"https:\/\/www.jeremyoury.fr\/\"><span style=\"font-weight: 400;\">J\u00e9r\u00e9my Oury<\/span><\/a><span style=\"font-weight: 400;\">, <\/span><a href=\"https:\/\/nexusstudios.com\/talent\/patrick-osborne\/\"><span style=\"font-weight: 400;\">Patrick Osborne<\/span><\/a><span style=\"font-weight: 400;\">, <\/span><a href=\"https:\/\/bio.site\/maxanish\"><span style=\"font-weight: 400;\">Max Anish Gowriah<\/span><\/a><span style=\"font-weight: 400;\">, <\/span><a href=\"https:\/\/ca.linkedin.com\/in\/domstamant\"><span style=\"font-weight: 400;\">Dom St Amand<\/span><\/a><span style=\"font-weight: 400;\">, Olivier Rh\u00e9aume, <\/span><a href=\"https:\/\/imagma.weebly.com\/\"><span style=\"font-weight: 400;\">Roberto d\u2019Alessandro<\/span><\/a><span style=\"font-weight: 400;\">, <\/span><a href=\"https:\/\/www.nad.ca\/notre-equipe\/yan-breuleux\"><span style=\"font-weight: 400;\">Yan Breuleux<\/span><\/a><span style=\"font-weight: 400;\">, <\/span><a href=\"https:\/\/lienmultimedia.com\/spip.php?article109449\"><span style=\"font-weight: 400;\">Sean Caruso<\/span><\/a><span style=\"font-weight: 400;\">, <\/span><a href=\"https:\/\/couleur.tv\/\"><span style=\"font-weight: 400;\">Francis Gelinas<\/span><\/a><span style=\"font-weight: 400;\">, <\/span><a href=\"https:\/\/www.thedorothyproject.ca\/\"><span style=\"font-weight: 400;\">Mathieu Baptista<\/span><span style=\"font-weight: 400;\">, <\/span><span style=\"font-weight: 400;\">Silvano Mercado<\/span><span style=\"font-weight: 400;\">, <\/span><span style=\"font-weight: 400;\">Tiphaine Roustang<\/span><\/a><span style=\"font-weight: 400;\">, <\/span><a href=\"https:\/\/arthurbeauchet.com\/\"><span style=\"font-weight: 400;\">Arthur Beauchet<\/span><\/a><\/p>\n<p><span style=\"font-weight: 400;\">A big thank you to all the artists whose contributions and high-quality works offered the public a unique and emotionally rich immersive experience!<\/span><\/p>\n<h2><span style=\"font-weight: 400;\">Immersive Workshops in the 360\u00b0 Dome for All Ages<\/span><\/h2>\n<p><span style=\"font-weight: 400;\">Beyond the projections, the dome also hosted immersive workshops focused on visuals and sound, allowing participants to explore digital creation while unleashing their imagination:<\/span><\/p>\n<ul>\n<li style=\"font-weight: 400;\" aria-level=\"1\"><span style=\"font-weight: 400;\">More than a hundred young people from nine schools and organizations took part in the <\/span><b>GROOV<\/b><span style=\"font-weight: 400;\"> creative workshops, offered in collaboration with <\/span><a href=\"https:\/\/musicmotion.org\/\"><span style=\"font-weight: 400;\">MusicMotion<\/span><\/a><span style=\"font-weight: 400;\">. They transformed their movements into sounds and images, encouraging self-expression and reducing anxiety.<\/span><\/li>\n<li style=\"font-weight: 400;\" aria-level=\"1\"><span style=\"font-weight: 400;\">The general public enjoyed demonstrations of collective interactivity prototyping through a living installation of the <\/span><i><span style=\"font-weight: 400;\">Ensens<\/span><\/i><span style=\"font-weight: 400;\"> project, presented by <\/span><a href=\"https:\/\/lab148.ca\/start\/\"><span style=\"font-weight: 400;\">Lab148<\/span><\/a><span style=\"font-weight: 400;\">.<\/span><\/li>\n<\/ul>\n<p><span style=\"font-weight: 400;\">To learn more about upcoming Digital Caf\u00e9s offered to schools and community organizations, contact: <\/span><a href=\"http:\/\/rique.ca\"><span style=\"font-weight: 400;\">leticia@printempsnum\u00e9rique.ca<\/span><\/a><\/p>\n<p style=\"text-align: center;\"><a href=\"https:\/\/www.facebook.com\/media\/set\/?vanity=PNmtl.qc&amp;set=a.670352752822315\"><span style=\"font-weight: 400;\">Relive the Event in Photos<\/span><\/a><\/p>\n<p style=\"text-align: center;\"><i><span style=\"font-weight: 400;\">The Digital Caf\u00e9s are an initiative of Printemps num\u00e9rique\u2019s Jeunesse QC 2030 program, supported by the <\/span><\/i><a href=\"https:\/\/printempsnumerique.us9.list-manage.com\/track\/click?u=c6f941fd769e956d26815521f&amp;id=7c7fae0c82&amp;e=108c4e3eab\"><i><span style=\"font-weight: 400;\">Secr\u00e9tariat \u00e0 la jeunesse du Qu\u00e9bec<\/span><\/i><\/a><i><span style=\"font-weight: 400;\"> and presented by <\/span><\/i><a href=\"https:\/\/www.hydroquebec.com\/residential\/\"><i><span style=\"font-weight: 400;\">Hydro-Qu\u00e9bec<\/span><\/i><\/a><i><span style=\"font-weight: 400;\">. The initiative aims to provide better access to new technologies and promote equal opportunities by supporting the development of digital literacy skills.<\/span><\/i><\/p>\n","protected":false},"excerpt":{"rendered":"<p>From October 25 to November 1, as part of the artistic program of MTL connect, the public was invited to take part in a Digital Caf\u00e9 at the Grande Place of Complexe Desjardins in the Quartier des spectacles. This free event offered fully immersive experiences combining projections and interactive workshops inside Printemps num\u00e9rique\u2019s mobile 360\u00b0&#8230; <a class=\"moretag\" href=\"https:\/\/www.printempsnumerique.ca\/en\/news\/article\/digital-cafe-at-complexe-desjardins-360-immersive-projections-and-creative-workshops\/\">Read more<\/a><\/p>\n","protected":false},"author":50,"featured_media":13671,"comment_status":"open","ping_status":"open","sticky":false,"template":"","format":"standard","meta":[],"categories":[244,250],"tags":[],"_links":{"self":[{"href":"https:\/\/www.printempsnumerique.ca\/en\/wp-json\/wp\/v2\/posts\/13678"}],"collection":[{"href":"https:\/\/www.printempsnumerique.ca\/en\/wp-json\/wp\/v2\/posts"}],"about":[{"href":"https:\/\/www.printempsnumerique.ca\/en\/wp-json\/wp\/v2\/types\/post"}],"author":[{"embeddable":true,"href":"https:\/\/www.printempsnumerique.ca\/en\/wp-json\/wp\/v2\/users\/50"}],"replies":[{"embeddable":true,"href":"https:\/\/www.printempsnumerique.ca\/en\/wp-json\/wp\/v2\/comments?post=13678"}],"version-history":[{"count":1,"href":"https:\/\/www.printempsnumerique.ca\/en\/wp-json\/wp\/v2\/posts\/13678\/revisions"}],"predecessor-version":[{"id":13679,"href":"https:\/\/www.printempsnumerique.ca\/en\/wp-json\/wp\/v2\/posts\/13678\/revisions\/13679"}],"wp:featuredmedia":[{"embeddable":true,"href":"https:\/\/www.printempsnumerique.ca\/en\/wp-json\/wp\/v2\/media\/13671"}],"wp:attachment":[{"href":"https:\/\/www.printempsnumerique.ca\/en\/wp-json\/wp\/v2\/media?parent=13678"}],"wp:term":[{"taxonomy":"category","embeddable":true,"href":"https:\/\/www.printempsnumerique.ca\/en\/wp-json\/wp\/v2\/categories?post=13678"},{"taxonomy":"post_tag","embeddable":true,"href":"https:\/\/www.printempsnumerique.ca\/en\/wp-json\/wp\/v2\/tags?post=13678"}],"curies":[{"name":"wp","href":"https:\/\/api.w.org\/{rel}","templated":true}]}}