{"id":13627,"date":"2025-10-15T17:23:56","date_gmt":"2025-10-15T21:23:56","guid":{"rendered":"https:\/\/www.printempsnumerique.ca\/?p=13627"},"modified":"2025-10-15T17:25:19","modified_gmt":"2025-10-15T21:25:19","slug":"digital-cafe-louis-joseph-papineau-high-school-exploring-digital-creation-careers-and-challenges","status":"publish","type":"post","link":"https:\/\/www.printempsnumerique.ca\/en\/news\/article\/digital-cafe-louis-joseph-papineau-high-school-exploring-digital-creation-careers-and-challenges\/","title":{"rendered":"Digital Caf\u00e9 at Louis-Joseph-Papineau High School: Exploring Digital Creation Careers and Challenges"},"content":{"rendered":"<h1>Digital Caf\u00e9 at Louis-Joseph-Papineau High School: Exploring Digital Creation Careers and Challenges<\/h1>\n<p>From October 6 to 8, 2025, <a href=\"https:\/\/www.printempsnumerique.ca\/en\/\"><strong data-start=\"189\" data-end=\"212\">Printemps num\u00e9rique<\/strong><\/a> hosted a <strong data-start=\"222\" data-end=\"238\">Digital Caf\u00e9<\/strong> at <em data-start=\"242\" data-end=\"277\">Louis-Joseph-Papineau High School<\/em> in Montr\u00e9al\u2019s Saint-Michel neighborhood, offering three days of workshops and immersive experiences to senior high school students and their teachers. The event aimed to develop young people\u2019s digital skills, spark their creativity, and encourage critical thinking about digital technology.<\/p>\n<h6 class=\"sr-only\">ChatGPT a dit :<\/h6>\n<h2 data-start=\"577\" data-end=\"656\">The Essence of Digital Caf\u00e9s: Empowering Youth to Become Digital Citizens<\/h2>\n<p data-start=\"658\" data-end=\"787\">The <strong data-start=\"662\" data-end=\"678\">Digital Caf\u00e9<\/strong> is a signature activity of <strong data-start=\"706\" data-end=\"729\">Printemps num\u00e9rique<\/strong>, dedicated to promoting <strong data-start=\"754\" data-end=\"784\">digital literacy in Qu\u00e9bec<\/strong>.<\/p>\n<p data-start=\"789\" data-end=\"963\">Designed as a space for discovery, experimentation, and dialogue, the concept aims to equip young people to become <strong data-start=\"904\" data-end=\"960\">creative, critical, and responsible digital citizens<\/strong>.<\/p>\n<p data-start=\"965\" data-end=\"1347\">This edition at Louis-Joseph-Papineau continues a long-standing collaboration between Printemps num\u00e9rique and the school, particularly with <strong data-start=\"1105\" data-end=\"1130\">Myllene Caetano Alves<\/strong>, Multimedia Arts teacher. Through this partnership, many youth from the Saint-Michel neighborhood are introduced to the challenges of digital creation and transformation in an educational and inspiring environment.<\/p>\n<h2>Activities Combining Exploration, Creation, and Reflection<\/h2>\n<h3><span style=\"font-weight: 400;\">&#8220;IA &amp; Toi&#8221;: Creating and Understanding in the Age of Artificial Intelligence<\/span><\/h3>\n<p>Held in the school auditorium, the \u201c<a href=\"https:\/\/www.ia-et-toi.com\/\"><b>IA &amp; Toi<\/b><\/a>\u201d workshop offered an accessible and playful introduction to how artificial intelligence (AI) works and the issues it raises.<\/p>\n<p>As part of the <strong data-start=\"1697\" data-end=\"1719\">&#8221; <a href=\"https:\/\/www.ia-et-toi.com\/defi-ia-toi\"><span style=\"font-weight: 400;\">D\u00e9fi IA &amp; Toi<\/span><\/a>&#8220;<\/strong>, students worked in teams to create and personalize a digital version of the historical figure <strong data-start=\"1815\" data-end=\"1840\">Louis-Joseph Papineau<\/strong> using <strong data-start=\"1847\" data-end=\"1855\">Sora<\/strong>, an AI tool. This experience helped them better understand the challenge\u2019s themes \u2014 <strong data-start=\"1940\" data-end=\"1966\">digital responsibility<\/strong>, <strong data-start=\"1968\" data-end=\"1985\">collaboration<\/strong>, and <strong data-start=\"1991\" data-end=\"2013\">ethical reflection<\/strong> surrounding AI use.<\/p>\n<h3>The 360\u00b0 Dome: An Immersion into the Careers of the Future<\/h3>\n<p>Set up in the school\u2019s entrance hall, the <strong data-start=\"2151\" data-end=\"2164\">360\u00b0 dome<\/strong> provided a unique visual and sensory experience. Students discovered <strong data-start=\"2234\" data-end=\"2281\">future careers in digital arts and creation<\/strong>, attended <strong data-start=\"2292\" data-end=\"2320\">360\u00b0 art film screenings<\/strong>, and watched a <strong data-start=\"2336\" data-end=\"2353\">video capsule<\/strong> they co-produced, showcasing their creative experience with AI.<\/p>\n<blockquote><p>\u201cIt was my first time inside a dome, and I thought it was really fun! The AI workshop made me want to sign up for <em data-start=\"2537\" data-end=\"2547\">AI &amp; You<\/em> as soon as I get home. I\u2019d love to take the training and join the contest to create a historical avatar. I really like creating images with ChatGPT and want to get better at it.\u201d<br data-start=\"2726\" data-end=\"2729\" \/>\u2014 <strong data-start=\"2733\" data-end=\"2752\">Evelina Mathieu<\/strong>, Grade 10 student, Louis-Joseph-Papineau High School<\/p>\n<p>\u201cThe workshops in the Dome really piqued students\u2019 curiosity. Those already interested in digital creation recognized themselves in the artistic content, which was very stimulating for them. Playing with images and transforming them with AI, like in the <em data-start=\"3065\" data-end=\"3075\">AI &amp; You<\/em> workshop, is something many already do \u2014 but not always the right way. It\u2019s important to offer training that addresses AI\u2019s limits, its negative uses, and more responsible ways to use it. We\u2019d benefit from offering more creative activities like these!\u201d<br data-start=\"3328\" data-end=\"3331\" \/>\u2014 <strong data-start=\"3335\" data-end=\"3352\">Mr. Rabel J-R<\/strong>, Grade 9 French teacher, Louis-Joseph-Papineau High School<\/p><\/blockquote>\n<h3>Open House: A Moment of Sharing with Families<\/h3>\n<p>On the evening of <strong data-start=\"3491\" data-end=\"3515\">Wednesday, October 8<\/strong>, families were invited to explore the <strong data-start=\"3554\" data-end=\"3567\">360\u00b0 dome<\/strong> and see the students\u2019 work during the school\u2019s <strong data-start=\"3615\" data-end=\"3635\">open house event<\/strong>. This initiative, organized in collaboration with the school, helped extend the educational impact of the Digital Caf\u00e9 and strengthen ties between the institution, parents, and the community.<\/p>\n<h2>Preparing Qu\u00e9bec\u2019s Digital Future<\/h2>\n<p data-start=\"3877\" data-end=\"4167\">The success of this <strong data-start=\"3897\" data-end=\"3913\">Digital Caf\u00e9<\/strong> edition at Louis-Joseph-Papineau High School marks a promising return of the initiative for the <strong data-start=\"4010\" data-end=\"4035\">2025\u20132026 school year<\/strong>. The students\u2019 enthusiasm, combined with teachers\u2019 recognition of its educational value, confirms the relevance of such programs.<\/p>\n<p data-start=\"4169\" data-end=\"4352\">As a <strong data-start=\"4174\" data-end=\"4218\">key player in digital literacy in Qu\u00e9bec<\/strong>, <strong data-start=\"4220\" data-end=\"4243\">Printemps num\u00e9rique<\/strong> continues its mission: <strong data-start=\"4267\" data-end=\"4350\">to prepare youth for technological transformations and their impact on society.<\/strong><\/p>\n<p style=\"text-align: center;\"><a href=\"https:\/\/airtable.com\/appUbiESZuHNoxKk9\/pag5NsmysIe0uuz6H\/form\"><span style=\"font-weight: 400;\">Book a Digital Caf\u00e9<\/span><\/a><\/p>\n<p style=\"text-align: center;\"><i><span style=\"font-weight: 400;\">Les activit\u00e9s en litt\u00e9ratie num\u00e9rique jeunesse du Printemps num\u00e9rique sont pr\u00e9sent\u00e9es par <\/span><\/i><i><span style=\"font-weight: 400;\">, et r\u00e9alis\u00e9es gr\u00e2ce aux pr\u00e9cieux partenariats avec<\/span><\/i><i><span style=\"font-weight: 400;\">, l\u2019initiative f\u00e9d\u00e9rale <\/span><\/i><a href=\"https:\/\/ised-isde.canada.ca\/site\/codecan\/fr\/projets-finance-codecan\"><i><span style=\"font-weight: 400;\">CodeCan 4.0<\/span><\/i><\/a><i><span style=\"font-weight: 400;\"> et le <\/span><\/i><i><span style=\"font-weight: 400;\">.<\/span><\/i><\/p>\n<p style=\"text-align: center;\" data-start=\"4386\" data-end=\"4637\"><em>Youth digital literacy activities by <strong data-start=\"4423\" data-end=\"4446\">Printemps num\u00e9rique<\/strong> are presented by <a href=\"https:\/\/www.hydroquebec.com\/residentiel\/\"><i><span style=\"font-weight: 400;\">Hydro-Qu\u00e9bec<\/span><\/i><\/a> and made possible thanks to valuable partnerships with <i> <\/i><a href=\"https:\/\/ivado.ca\/\"><i><span style=\"font-weight: 400;\">IVADO<\/span><\/i><\/a>, the federal <a href=\"https:\/\/ised-isde.canada.ca\/site\/codecan\/fr\/projets-finance-codecan\"><strong data-start=\"4559\" data-end=\"4574\">CanCode 4.0<\/strong><\/a> initiative, and the <a href=\"https:\/\/www.quebec.ca\/gouvernement\/ministeres-organismes\/secretariat-jeunesse\"><i><span style=\"font-weight: 400;\">Secr\u00e9tariat \u00e0 la Jeunesse du Qu\u00e9bec<\/span><\/i><\/a>.<\/em><\/p>\n","protected":false},"excerpt":{"rendered":"<p>Digital Caf\u00e9 at Louis-Joseph-Papineau High School: Exploring Digital Creation Careers and Challenges From October 6 to 8, 2025, Printemps num\u00e9rique hosted a Digital Caf\u00e9 at Louis-Joseph-Papineau High School in Montr\u00e9al\u2019s Saint-Michel neighborhood, offering three days of workshops and immersive experiences to senior high school students and their teachers. The event aimed to develop young people\u2019s&#8230; <a class=\"moretag\" href=\"https:\/\/www.printempsnumerique.ca\/en\/news\/article\/digital-cafe-louis-joseph-papineau-high-school-exploring-digital-creation-careers-and-challenges\/\">Read more<\/a><\/p>\n","protected":false},"author":50,"featured_media":13628,"comment_status":"open","ping_status":"open","sticky":false,"template":"","format":"standard","meta":[],"categories":[244,247,250],"tags":[],"_links":{"self":[{"href":"https:\/\/www.printempsnumerique.ca\/en\/wp-json\/wp\/v2\/posts\/13627"}],"collection":[{"href":"https:\/\/www.printempsnumerique.ca\/en\/wp-json\/wp\/v2\/posts"}],"about":[{"href":"https:\/\/www.printempsnumerique.ca\/en\/wp-json\/wp\/v2\/types\/post"}],"author":[{"embeddable":true,"href":"https:\/\/www.printempsnumerique.ca\/en\/wp-json\/wp\/v2\/users\/50"}],"replies":[{"embeddable":true,"href":"https:\/\/www.printempsnumerique.ca\/en\/wp-json\/wp\/v2\/comments?post=13627"}],"version-history":[{"count":1,"href":"https:\/\/www.printempsnumerique.ca\/en\/wp-json\/wp\/v2\/posts\/13627\/revisions"}],"predecessor-version":[{"id":13632,"href":"https:\/\/www.printempsnumerique.ca\/en\/wp-json\/wp\/v2\/posts\/13627\/revisions\/13632"}],"wp:featuredmedia":[{"embeddable":true,"href":"https:\/\/www.printempsnumerique.ca\/en\/wp-json\/wp\/v2\/media\/13628"}],"wp:attachment":[{"href":"https:\/\/www.printempsnumerique.ca\/en\/wp-json\/wp\/v2\/media?parent=13627"}],"wp:term":[{"taxonomy":"category","embeddable":true,"href":"https:\/\/www.printempsnumerique.ca\/en\/wp-json\/wp\/v2\/categories?post=13627"},{"taxonomy":"post_tag","embeddable":true,"href":"https:\/\/www.printempsnumerique.ca\/en\/wp-json\/wp\/v2\/tags?post=13627"}],"curies":[{"name":"wp","href":"https:\/\/api.w.org\/{rel}","templated":true}]}}