{"id":13245,"date":"2025-02-14T10:59:51","date_gmt":"2025-02-14T15:59:51","guid":{"rendered":"https:\/\/www.printempsnumerique.ca\/?p=13245"},"modified":"2025-02-14T11:00:58","modified_gmt":"2025-02-14T16:00:58","slug":"youth-digital-month-explore-current-programming","status":"publish","type":"post","link":"https:\/\/www.printempsnumerique.ca\/en\/news\/article\/youth-digital-month-explore-current-programming\/","title":{"rendered":"Youth Digital Month : Explore current programming!"},"content":{"rendered":"<p>Youth Digital Month (YDM) continues with its third week of activities. Under the theme <strong>\u201cYour culture, your identity!\u201d<\/strong>, this event, supported by Printemps num\u00e9rique, invites young people and the general public to explore digital technology and its role in cultural creation and consumption. The full program of activities and resources is available at\u00a0<a href=\"https:\/\/mnj.quebec\/en\/\" target=\"_blank\" rel=\"noopener noreferrer\">mnj.quebec.<\/a><\/p>\n<p><a class=\"mcnButton \" title=\"\ud83d\udc49 SEE THE CALENDAR \ud83d\udc48\" href=\"https:\/\/mnj.quebec\/en\/#calendar\" target=\"_blank\" rel=\"noopener noreferrer\">\ud83d\udc49 SEE THE CALENDAR \ud83d\udc48<\/a><\/p>\n<blockquote>\n<p dir=\"ltr\" style=\"text-align: justify;\"><strong><img loading=\"lazy\" class=\"alignleft wp-image-13246 size-medium\" src=\"https:\/\/www.printempsnumerique.ca\/wp-content\/uploads\/2025\/02\/ebfd10c2-f051-13f3-716f-42a7fe56540a-300x300.jpg\" alt=\"\" width=\"300\" height=\"300\" \/>Discover your culture in 1 click!<\/strong><\/p>\n<p dir=\"ltr\" style=\"text-align: justify;\">The new episode of the\u00a0<a href=\"https:\/\/mnj.quebec\/en\/podcast\/\" target=\"_blank\" rel=\"noopener noreferrer\">Empreinte num\u00e9rique podcast<\/a>\u00a0is out!<br \/>\nHow do you choose what you listen to or watch? In this 7th episode, host Tom-\u00c9liot Girard and \u00c9cole FACE students explore cultural discoverability with\u00a0<a href=\"https:\/\/www.linkedin.com\/in\/lysandre-champagne-3b09a179\/en?originalSubdomain=ca\" target=\"_blank\" rel=\"noopener noreferrer\">Lysandre Champagne<\/a>: how algorithms, our digital practices and platforms influence the showcasing and recommendation of the Quebec content you consume (or don&#8217;t).<\/p>\n<p><strong>Available on\u00a0<a href=\"http:\/\/mnj.quebec\/balado\">mnj.quebec\/en\/podcast<\/a>,\u00a0<a href=\"https:\/\/enclasse.telequebec.tv\/emission\/Empreinte-numerique\/3241\">T\u00e9l\u00e9-Qu\u00e9bec en classe<\/a>\u00a0and\u00a0<a href=\"https:\/\/open.spotify.com\/show\/1MAlhJFAFfuoKJbTr6rTE9?si=c7d17cb39ab5475d&amp;nd=1&amp;dlsi=4f9b81f27654456c\">Spotify<\/a>.<\/strong><\/p>\n<\/blockquote>\n<p dir=\"ltr\">\n<h2 dir=\"ltr\" style=\"text-align: center;\"><strong>Here&#8217;s a glimpse of the third week!<\/strong><\/h2>\n<p>&nbsp;<\/p>\n<p><img loading=\"lazy\" class=\"alignleft wp-image-13243 size-thumbnail\" src=\"https:\/\/www.printempsnumerique.ca\/wp-content\/uploads\/2025\/02\/00c2cac0-ef16-471d-231d-6e4119b916cd-150x150.jpg\" alt=\"\" width=\"150\" height=\"150\" \/><\/p>\n<p dir=\"ltr\" role=\"presentation\"><strong>Build, collaborate, create: a practical workshop to structure your ideas by Relate<\/strong><\/p>\n<ul>\n<li style=\"list-style-type: none;\">\n<ul>\n<li style=\"list-style-type: none;\">\n<ul dir=\"ltr\">\n<li role=\"presentation\"><strong>Type of activity:<\/strong>\u00a0Workshops and conferences<\/li>\n<li role=\"presentation\"><strong>When:\u00a0<\/strong>February 14, 12 noon to 1 p.m<\/li>\n<li role=\"presentation\"><strong>For whom:\u00a0<\/strong>young adults<\/li>\n<li role=\"presentation\"><strong>Where:\u00a0<\/strong>online<\/li>\n<li role=\"presentation\"><strong>Language:\u00a0<\/strong>French only<\/li>\n<\/ul>\n<\/li>\n<\/ul>\n<\/li>\n<\/ul>\n<p>&nbsp;<\/p>\n<p><img loading=\"lazy\" class=\"wp-image-13242 size-thumbnail alignleft\" src=\"https:\/\/www.printempsnumerique.ca\/wp-content\/uploads\/2025\/02\/8cdb9025-d955-50fe-a269-ef85bc42996c-150x150.jpg\" alt=\"\" width=\"150\" height=\"150\" \/><\/p>\n<p dir=\"ltr\" role=\"presentation\"><strong>Kohlenstoff presents Cymatiques III by Centre PHI<\/strong><\/p>\n<ul>\n<li style=\"list-style-type: none;\">\n<ul>\n<li style=\"list-style-type: none;\">\n<ul>\n<li role=\"presentation\"><strong>Type of activity:\u00a0<\/strong>Exhibitions and shows<\/li>\n<li role=\"presentation\"><strong>When:\u00a0<\/strong>February 15 from 8pm<\/li>\n<li role=\"presentation\"><strong>For whom:\u00a0<\/strong>young adults<\/li>\n<li role=\"presentation\"><strong>Where:<\/strong>\u00a0Centre PHI<\/li>\n<li role=\"presentation\"><strong>Language:\u00a0<\/strong>French only<\/li>\n<\/ul>\n<\/li>\n<\/ul>\n<\/li>\n<\/ul>\n<p>&nbsp;<\/p>\n<p><img loading=\"lazy\" class=\"alignleft wp-image-13241 size-thumbnail\" src=\"https:\/\/www.printempsnumerique.ca\/wp-content\/uploads\/2025\/02\/b971774e-bfef-30ba-834e-35fa222b495c-150x150.jpg\" alt=\"\" width=\"150\" height=\"150\" \/><\/p>\n<p dir=\"ltr\" role=\"presentation\"><strong>Digital Rendezvous: Remixing Quebec by BAnQ<\/strong><\/p>\n<ul>\n<li style=\"list-style-type: none;\">\n<ul>\n<li style=\"list-style-type: none;\">\n<ul dir=\"ltr\">\n<li role=\"presentation\"><strong>Type of activity:\u00a0<\/strong>Experiences<\/li>\n<li role=\"presentation\"><strong>When:\u00a0<\/strong>February 15 and 16<\/li>\n<li role=\"presentation\"><strong>For whom:\u00a0<\/strong>general public<\/li>\n<li role=\"presentation\"><strong>Where:\u00a0<\/strong>Biblioth\u00e8que et Archives nationales du Qu\u00e9bec<\/li>\n<li role=\"presentation\"><strong>Language:\u00a0<\/strong>French only<\/li>\n<\/ul>\n<\/li>\n<\/ul>\n<\/li>\n<\/ul>\n<p>&nbsp;<\/p>\n<p><img loading=\"lazy\" class=\"alignleft wp-image-13240 size-thumbnail\" src=\"https:\/\/www.printempsnumerique.ca\/wp-content\/uploads\/2025\/02\/9a349505-cca6-2d27-fea3-7900932c42ff-150x150.jpg\" alt=\"\" width=\"150\" height=\"150\" \/><\/p>\n<p dir=\"ltr\" role=\"presentation\"><strong>Women in science by Technoscience Mauricie Centre-du-Qu\u00e9bec<\/strong><\/p>\n<ul>\n<li style=\"list-style-type: none;\">\n<ul>\n<li style=\"list-style-type: none;\">\n<ul dir=\"ltr\">\n<li role=\"presentation\"><strong>Type of activity:\u00a0<\/strong>Studies and careers<\/li>\n<li role=\"presentation\"><strong>When:\u00a0<\/strong>February 16, 8 a.m. to 3 p.m.<\/li>\n<li role=\"presentation\"><strong>For whom:\u00a0<\/strong>Teens<\/li>\n<li role=\"presentation\"><strong>Where:\u00a0<\/strong>Universit\u00e9 du Qu\u00e9bec \u00e0 Trois-Rivi\u00e8res<\/li>\n<li role=\"presentation\"><strong>Language:<\/strong>\u00a0French only<\/li>\n<\/ul>\n<\/li>\n<\/ul>\n<\/li>\n<\/ul>\n<p>&nbsp;<\/p>\n<p><img loading=\"lazy\" class=\"alignleft wp-image-13239 size-thumbnail\" src=\"https:\/\/www.printempsnumerique.ca\/wp-content\/uploads\/2025\/02\/5feead4f-cf6c-2dba-0c4e-fa7d2c5bab80-150x150.jpg\" alt=\"\" width=\"150\" height=\"150\" \/><\/p>\n<p dir=\"ltr\" role=\"presentation\"><strong>Musical creation: Echoes of Quebec heritage by Nova Musique<\/strong><\/p>\n<ul>\n<li style=\"list-style-type: none;\">\n<ul>\n<li style=\"list-style-type: none;\">\n<ul dir=\"ltr\">\n<li role=\"presentation\"><strong>Type of activity:\u00a0<\/strong>Experiments<\/li>\n<li role=\"presentation\"><strong>When:<\/strong>\u00a0February 16, 10 a.m. to 12 p.m<\/li>\n<li role=\"presentation\"><strong>For whom:<\/strong>\u00a0general public<\/li>\n<li role=\"presentation\"><strong>Where:\u00a0<\/strong>Biblioth\u00e8que et Archives nationales du Qu\u00e9bec<\/li>\n<li role=\"presentation\"><strong>Language:<\/strong>\u00a0French only<\/li>\n<\/ul>\n<\/li>\n<\/ul>\n<\/li>\n<\/ul>\n<p>&nbsp;<\/p>\n<p style=\"font-weight: 400;\"><strong><img loading=\"lazy\" class=\"alignleft wp-image-13238 size-thumbnail\" src=\"https:\/\/www.printempsnumerique.ca\/wp-content\/uploads\/2025\/02\/082e0767-914b-cfd6-6f96-0881ec683e72-150x150.jpg\" alt=\"\" width=\"150\" height=\"150\" \/>D\u00e9tours &#8211; rencontres urbaines by MEM &#8211; Montreal Memory Centre<\/strong><\/p>\n<ul>\n<li style=\"list-style-type: none;\">\n<ul>\n<li style=\"list-style-type: none;\">\n<ul style=\"font-weight: 400;\">\n<li><strong>Type of activity:\u00a0<\/strong>Experiments<\/li>\n<li><strong>When:\u00a0<\/strong>until\u00a0december 31st, 2025<\/li>\n<li><strong>For who:\u00a0<\/strong>general\u00a0public<\/li>\n<li><strong>Where :\u00a0<\/strong>MEM \u2013 Centre des m\u00e9moires montr\u00e9alaises, Montr\u00e9al<\/li>\n<li><strong>Language :<\/strong>\u00a0french &amp; english<\/li>\n<\/ul>\n<\/li>\n<\/ul>\n<\/li>\n<\/ul>\n<p style=\"text-align: center;\"><strong><a class=\"mcnButton \" title=\"\ud83d\udc49 FIND OUT MORE ABOUT OUR ACTIVITIES \ud83d\udc48\" href=\"https:\/\/mnj.quebec\/en\/#calendar\" target=\"_blank\" rel=\"noopener noreferrer\">\ud83d\udc49 FIND OUT MORE ABOUT OUR ACTIVITIES \ud83d\udc48<\/a><\/strong><\/p>\n<p>&nbsp;<\/p>\n<blockquote>\n<p dir=\"ltr\"><strong>Explore inspiring resources!\u00a0<\/strong><\/p>\n<p dir=\"ltr\"><a href=\"https:\/\/mnj.quebec\/en\/webdiffusion-series-documentaires-balados-etc\/\" target=\"_blank\" rel=\"noopener noreferrer\">Tools and guides for teachers and\/or trainers<\/a>, such as:<\/p>\n<ul dir=\"ltr\">\n<li role=\"presentation\"><strong>La Fabrique num\u00e9rique<\/strong>\u00a0(by COlab social innovation and digital culture)<\/li>\n<li role=\"presentation\"><strong>Digital tools<\/strong>\u00a0(by Je passe partout)<\/li>\n<li role=\"presentation\"><strong>Show me your algorithm, I&#8217;ll tell you who you are&#8230;<\/strong>\u00a0(by Obvia)<\/li>\n<\/ul>\n<p dir=\"ltr\"><a href=\"https:\/\/mnj.quebec\/en\/informe-toi\/\" target=\"_blank\" rel=\"noopener noreferrer\">Find out more about the opportunities and challenges of digital technology\u00a0<\/a>with :<\/p>\n<ul dir=\"ltr\">\n<li role=\"presentation\"><strong>MEM Encyclopedia<\/strong>\u00a0(by MEM \u2013 Centre des m\u00e9moires montr\u00e9alaises)<\/li>\n<li role=\"presentation\"><strong>Ab\u00e9c\u00e9daire of AI\u00a0<\/strong>(by Obvia)<\/li>\n<\/ul>\n<\/blockquote>\n<p>Visit\u00a0<a href=\"https:\/\/mnj.quebec\/en\/\" target=\"_blank\" rel=\"noopener noreferrer\">mnj.quebec\/en<\/a>\u00a0to discover the calendar of activities, access resources and get involved!<\/p>\n<p>Printemps num\u00e9rique would like to thank the\u00a0<a href=\"https:\/\/mnj.quebec\/en\/digital-youth-month-2\/\" target=\"_blank\" rel=\"noopener noreferrer\">Comit\u00e9 du Mois Num\u00e9rique Jeunesse<\/a>, on which it relies, for organizing this unifying event!<\/p>\n<p><em>Youth Digital Month is an event of the Jeunesse QC 2030 program, initiated by Printemps num\u00e9rique, supported by the Secr\u00e9tariat \u00e0 la jeunesse du Qu\u00e9bec and presented by Hydro-Qu\u00e9bec.<\/em><\/p>\n","protected":false},"excerpt":{"rendered":"<p>Youth Digital Month (YDM) continues with its third week of activities. Under the theme \u201cYour culture, your identity!\u201d, this event, supported by Printemps num\u00e9rique, invites young people and the general public to explore digital technology and its role in cultural creation and consumption. The full program of activities and resources is available at\u00a0mnj.quebec. \ud83d\udc49 SEE&#8230; <a class=\"moretag\" href=\"https:\/\/www.printempsnumerique.ca\/en\/news\/article\/youth-digital-month-explore-current-programming\/\">Read more<\/a><\/p>\n","protected":false},"author":6,"featured_media":13247,"comment_status":"open","ping_status":"open","sticky":false,"template":"","format":"standard","meta":[],"categories":[243,244,250],"tags":[],"_links":{"self":[{"href":"https:\/\/www.printempsnumerique.ca\/en\/wp-json\/wp\/v2\/posts\/13245"}],"collection":[{"href":"https:\/\/www.printempsnumerique.ca\/en\/wp-json\/wp\/v2\/posts"}],"about":[{"href":"https:\/\/www.printempsnumerique.ca\/en\/wp-json\/wp\/v2\/types\/post"}],"author":[{"embeddable":true,"href":"https:\/\/www.printempsnumerique.ca\/en\/wp-json\/wp\/v2\/users\/6"}],"replies":[{"embeddable":true,"href":"https:\/\/www.printempsnumerique.ca\/en\/wp-json\/wp\/v2\/comments?post=13245"}],"version-history":[{"count":1,"href":"https:\/\/www.printempsnumerique.ca\/en\/wp-json\/wp\/v2\/posts\/13245\/revisions"}],"predecessor-version":[{"id":13248,"href":"https:\/\/www.printempsnumerique.ca\/en\/wp-json\/wp\/v2\/posts\/13245\/revisions\/13248"}],"wp:featuredmedia":[{"embeddable":true,"href":"https:\/\/www.printempsnumerique.ca\/en\/wp-json\/wp\/v2\/media\/13247"}],"wp:attachment":[{"href":"https:\/\/www.printempsnumerique.ca\/en\/wp-json\/wp\/v2\/media?parent=13245"}],"wp:term":[{"taxonomy":"category","embeddable":true,"href":"https:\/\/www.printempsnumerique.ca\/en\/wp-json\/wp\/v2\/categories?post=13245"},{"taxonomy":"post_tag","embeddable":true,"href":"https:\/\/www.printempsnumerique.ca\/en\/wp-json\/wp\/v2\/tags?post=13245"}],"curies":[{"name":"wp","href":"https:\/\/api.w.org\/{rel}","templated":true}]}}