{"id":11657,"date":"2023-11-10T09:01:15","date_gmt":"2023-11-10T14:01:15","guid":{"rendered":"https:\/\/www.printempsnumerique.ca\/?p=11657"},"modified":"2023-11-28T09:48:27","modified_gmt":"2023-11-28T14:48:27","slug":"digital-youth-month-2024","status":"publish","type":"post","link":"https:\/\/www.printempsnumerique.ca\/en\/news\/article\/digital-youth-month-2024\/","title":{"rendered":"Digital Youth Month 2024"},"content":{"rendered":"<h2 style=\"text-align: center;\">Call for participation!<\/h2>\n<p>&nbsp;<\/p>\n<p><strong>Montreal, November 9, 2023\u00a0&#8211;\u00a0<\/strong><a href=\"https:\/\/mnj.quebec\/en\/\" target=\"_blank\" rel=\"noopener noreferrer\" data-saferedirecturl=\"https:\/\/www.google.com\/url?q=https:\/\/mnj.quebec\/en\/&amp;source=gmail&amp;ust=1699635802720000&amp;usg=AOvVaw0Y2VLIDVD11OZskhhC0mqx\">Digital Youth Month<\/a>\u00a0(DYM) celebrates its 5th anniversary in 2024! From\u00a0<strong>February 1 to March 8<\/strong>, young people and the general public will discover numerous\u00a0<strong>Quebec initiatives in digital literacy<\/strong>\u00a0and be introduced to the fields of the future.\u00a0<a href=\"https:\/\/www.printempsnumerique.ca\/en\/\" target=\"_blank\" rel=\"noopener noreferrer\" data-saferedirecturl=\"https:\/\/www.google.com\/url?q=https:\/\/www.printempsnumerique.ca\/en\/&amp;source=gmail&amp;ust=1699635802720000&amp;usg=AOvVaw0RsE-XvXp95yeTchnNjPa-\">Montreal Digital Spring<\/a>\u00a0(Printemps num\u00e9rique), the initiator of the event, is inviting institutions, schools, organizations and businesses to\u00a0<strong>become collaborators<\/strong>\u00a0by presenting their digital activities and resources on the www.mnj.quebec platform.<\/p>\n<p>Under the theme\u00a0<em><strong>TOGETHER FOR EQUITABLE ACCESS<\/strong><\/em>, young people and all those who support them are invited to take part in this festive edition.<\/p>\n<p>&nbsp;<\/p>\n<h3 style=\"text-align: center;\"><strong><a href=\"https:\/\/airtable.com\/appjShWSzZn5GXFu8\/shrA2XEGhDizH3Mel\" target=\"_blank\" rel=\"noopener noreferrer\">BECOME A COLLABORATOR<\/a><\/strong><\/h3>\n<p>&nbsp;<\/p>\n<blockquote><p><em>&#8220;Over the past five years, Digital Youth Month has firmly connected Quebec&#8217;s youth to the many opportunities offered by the digital universe. My role on the committee has shown me the importance of such an initiative, which enables young people to discover fields of the future, as well as a multitude of local activities and resources.&#8221;<\/em><\/p>\n<p><strong>St\u00e9phanie Jecrois<\/strong>, co-founder and general manager of\u00a0<a href=\"https:\/\/www.technovationmontreal.com\/\" target=\"_blank\" rel=\"noopener noreferrer\" data-saferedirecturl=\"https:\/\/www.google.com\/url?q=https:\/\/www.technovationmontreal.com\/&amp;source=gmail&amp;ust=1699635802720000&amp;usg=AOvVaw3hbl_6TzWyWMq38o8a-1Ti\">Technovation Montr\u00e9al<\/a>.<\/p><\/blockquote>\n<blockquote><p><em>&#8220;Our participation in Digital Youth Month broadened CyberCap&#8217;s horizons in terms of collective digital intelligence, reinforcing inclusivity, creativity and innovation in our projects. This pooling of knowledge was also an opportunity to preview an online workshop, highlighting our expertise in socio-professional integration at the service of educational success, opening up new opportunities for young people&#8217;s futures.&#8221;\u00a0<\/em><\/p>\n<p><em><strong>Marie-Astrid Dubant<\/strong>, general manager of\u00a0<a href=\"https:\/\/cybercap.qc.ca\/\" target=\"_blank\" rel=\"noopener noreferrer\" data-saferedirecturl=\"https:\/\/www.google.com\/url?q=https:\/\/cybercap.qc.ca\/&amp;source=gmail&amp;ust=1699635802720000&amp;usg=AOvVaw3TO3uydBPXXcaKl1DhTG-M\">CyberCap<\/a>.<\/em><\/p><\/blockquote>\n<p>&nbsp;<\/p>\n<h2 style=\"text-align: center;\"><strong>Impact of the last edition and season 2 of the \u201cEmpreinte num\u00e9rique\u201d podcast!<\/strong><\/h2>\n<p>In addition to programming activities to support young people&#8217;s skills, DYM puts forward an annual awareness campaign on digital issues. In 2023, the theme of ONLINE PRIVACY raised awareness among more than\u00a0<strong>25,000 young people<\/strong>\u00a0(see\u00a0<a href=\"https:\/\/drive.google.com\/file\/d\/1TheGOzNVbYBVM8UdG2W8U94wyrdD8rLm\/view\" target=\"_blank\" rel=\"noopener noreferrer\" data-saferedirecturl=\"https:\/\/www.google.com\/url?q=https:\/\/drive.google.com\/file\/d\/1TheGOzNVbYBVM8UdG2W8U94wyrdD8rLm\/view&amp;source=gmail&amp;ust=1699635802720000&amp;usg=AOvVaw1VxrGkjpdFjYhnADq-dLpq\">DYM 2023 Report<\/a>\u00a0&#8211; in French).<\/p>\n<p>Last year, Montreal Digital Spring inaugurated its\u00a0<em>\u201c<a href=\"https:\/\/mnj.quebec\/en\/balado\/\" target=\"_blank\" rel=\"noopener noreferrer\" data-saferedirecturl=\"https:\/\/www.google.com\/url?q=https:\/\/mnj.quebec\/en\/balado\/&amp;source=gmail&amp;ust=1699635802720000&amp;usg=AOvVaw1bDDiN_7HEKaGdclyJKFex\">Empreinte num\u00e9rique<\/a>\u201d<\/em>\u00a0podcast (only available in French), giving teenagers the opportunity to express their views on privacy issues. Building on its success, the podcast has been renewed for a new season, offering young people a chance to express themselves and stay informed. Today, being &#8220;plugged in&#8221; is no longer limited to access to computer equipment; young people feel the need to master the codes of digital culture. Algorithms and digital sobriety are topical subjects that are important for their future, and they will be able to discuss them in the company of specialists.<\/p>\n<blockquote>\n<p style=\"text-align: center;\"><em>&#8220;TOGETHER FOR EQUITABLE ACCESS &#8211; this is the credo of Digital Spring. Our ambition? To guarantee equal opportunities by democratizing access to new technologies and equipping young people with the skills they need to fully exploit their resources. Collective effort and the active participation of young people are essential to realizing this vision.&#8221;<\/em><\/p>\n<p><strong>Mehdi Benboubakeur<\/strong>, general manager of Montreal Digital Spring.<\/p><\/blockquote>\n<h4 dir=\"ltr\"><\/h4>\n<p>&nbsp;<\/p>\n<h4 dir=\"ltr\"><u><strong>Crit\u00e8res d\u2019admissibilit\u00e9<\/strong><\/u><\/h4>\n<ul dir=\"ltr\">\n<li>\u0152uvrer aupr\u00e8s de la jeunesse qu\u00e9b\u00e9coise (enfants, ados et jeunes adultes de moins 35 ans ou grand public)<\/li>\n<li>Offrir une activit\u00e9 ou une ressource num\u00e9rique contribuant \u00e0 :<br \/>\n&#8211;\u00a0introduire ou inspirer aux possibilit\u00e9s du num\u00e9rique<br \/>\n&#8211;\u00a0favoriser l\u2019inclusion et l\u2019\u00e9galit\u00e9 des chances<br \/>\n&#8211;\u00a0d\u00e9velopper des habilet\u00e9s num\u00e9riques<br \/>\nET\/OU<br \/>\n&#8211; d\u00e9velopper des habilet\u00e9s citoyennes \u00e0 l\u2019\u00e8re du num\u00e9rique<\/li>\n<li>Dans le cas d\u2019une activit\u00e9, celle-ci doit se d\u00e9rouler au moins en partie pendant le Mois Num\u00e9rique Jeunesse<\/li>\n<li>S\u2019engager \u00e0 promouvoir sa participation et la campagne (ENSEMBLE POUR UN ACC\u00c8S \u00c9QUITABLE) avant et pendant l\u2019\u00e9v\u00e9nement<\/li>\n<\/ul>\n<p>&nbsp;<\/p>\n<h4><u><strong>\u00c0 qui le Mois Num\u00e9rique Jeunesse s&#8217;adresse-t-il?<\/strong><\/u><\/h4>\n<p>L\u2019\u00e9v\u00e9nement s&#8217;adresse au grand public et, plus sp\u00e9cifiquement, aux jeunes de moins de 35 ans qui souhaitent explorer les possibilit\u00e9s du num\u00e9rique et d\u00e9velopper leurs habilet\u00e9s num\u00e9riques et citoyennes.<\/p>\n<p>&nbsp;<\/p>\n<h4><u><strong>Types d\u2019activit\u00e9s et ressources pouvant \u00eatre pr\u00e9sent\u00e9s (en ligne ou en personne)<\/strong><\/u><\/h4>\n<p>Ateliers et formations\u00a0<strong id=\"m_-1790736729234522965docs-internal-guid-e9d50e1c-7fff-ebb3-f48a-48f5954a72d4\">\u2022<\/strong>\u00a0Conf\u00e9rences\u00a0<strong id=\"m_-1790736729234522965docs-internal-guid-e9d50e1c-7fff-ebb3-f48a-48f5954a72d4\">\u2022<\/strong>\u00a0D\u00e9couverte\u00a0<strong id=\"m_-1790736729234522965docs-internal-guid-e9d50e1c-7fff-ebb3-f48a-48f5954a72d4\">\u2022<\/strong>\u00a0Expositions\u00a0<strong id=\"m_-1790736729234522965docs-internal-guid-e9d50e1c-7fff-ebb3-f48a-48f5954a72d4\">\u2022<\/strong>\u00a0Spectacles\u00a0<strong id=\"m_-1790736729234522965docs-internal-guid-e9d50e1c-7fff-ebb3-f48a-48f5954a72d4\">\u2022<\/strong>\u00a0Jeux vid\u00e9os\u00a0<strong id=\"m_-1790736729234522965docs-internal-guid-e9d50e1c-7fff-ebb3-f48a-48f5954a72d4\">\u2022<\/strong>\u00a0Hackathon\u00a0<strong id=\"m_-1790736729234522965docs-internal-guid-e9d50e1c-7fff-ebb3-f48a-48f5954a72d4\">\u2022<\/strong>\u00a0Carri\u00e8res\u00a0<strong id=\"m_-1790736729234522965docs-internal-guid-e9d50e1c-7fff-ebb3-f48a-48f5954a72d4\">\u2022<\/strong>\u00a0Ressources num\u00e9riques \u00e0 l\u2019attention des jeunes\u00a0<strong id=\"m_-1790736729234522965docs-internal-guid-e9d50e1c-7fff-ebb3-f48a-48f5954a72d4\">\u2022<\/strong>\u00a0Ressources num\u00e9riques \u00e0 l\u2019attention des enseignants,\u00a0intervenants jeunesse et grand public<\/p>\n<p>&nbsp;<\/p>\n<h4><u>Dates \u00e0 retenir<\/u><\/h4>\n<ul dir=\"ltr\">\n<li><strong>Semaine suivant le d\u00e9p\u00f4t de votre formulaire :<\/strong>\u00a0Confirmation de r\u00e9ception et de s\u00e9lection du formulaire de participation<\/li>\n<li><strong>10 janvier 2024 :<\/strong>\u00a0Date limite pour remplir\u00a0<a href=\"https:\/\/airtable.com\/appjShWSzZn5GXFu8\/shrA2XEGhDizH3Mel\" target=\"_blank\" rel=\"noopener noreferrer\" data-saferedirecturl=\"https:\/\/www.google.com\/url?q=https:\/\/airtable.com\/appjShWSzZn5GXFu8\/shrA2XEGhDizH3Mel&amp;source=gmail&amp;ust=1699636066581000&amp;usg=AOvVaw31QCjaBA3gO7v94b5JejhZ\">le formulaire<\/a>\u00a0afin d\u2019obtenir une visibilit\u00e9 plus avantageuse<\/li>\n<li><strong>18 janvier 2024\u00a0:<\/strong>\u00a0Lancement du Mois Num\u00e9rique Jeunesse!<\/li>\n<li><strong>1er f\u00e9vrier au 8\u00a0mars 2024 :<\/strong>\u00a0R\u00e9alisation des activit\u00e9s<\/li>\n<\/ul>\n<p style=\"text-align: center;\"><em>Pour plus d\u2019informations <a href=\"https:\/\/mnj.quebec\/faq\/\" target=\"_blank\" rel=\"noopener noreferrer\" data-saferedirecturl=\"https:\/\/www.google.com\/url?q=https:\/\/mnj.quebec\/faq\/&amp;source=gmail&amp;ust=1699636066581000&amp;usg=AOvVaw0mIJj16n6V5nZge9Z8nPMA\">rendez-vous sur notre FAQ<\/a>.<\/em><\/p>\n<p>&nbsp;<\/p>\n<h3 style=\"text-align: center;\"><a href=\"https:\/\/airtable.com\/appjShWSzZn5GXFu8\/shrA2XEGhDizH3Mel\">DEVENIR COLLABORATEUR<\/a><\/h3>\n<p>&nbsp;<\/p>\n<p dir=\"ltr\">&#8211;&gt; Pour toute question concernant la proposition d\u2019activit\u00e9s et de ressources, joindre Rapha\u00eblle Descary, coordonnatrice de programmation : <a href=\"mailto:rdescary@printempsnumerique.ca\" target=\"_blank\" rel=\"noopener noreferrer\">rdescary@printempsnumerique.ca<\/a><wbr \/>.<\/p>\n<p>Le Printemps num\u00e9rique s&#8217;appuie sur le Comit\u00e9 organisateur du Mois Num\u00e9rique Jeunesse :<\/p>\n<ul dir=\"ltr\">\n<li><a href=\"https:\/\/www.linkedin.com\/in\/riomarti\/\" target=\"_blank\" rel=\"noopener noreferrer\" data-saferedirecturl=\"https:\/\/www.google.com\/url?q=https:\/\/www.linkedin.com\/in\/riomarti\/&amp;source=gmail&amp;ust=1699636066581000&amp;usg=AOvVaw14l_w88jaS8MfUbxhQGo7j\">Martine Rioux<\/a>, R\u00e9dactrice en chef Web et charg\u00e9e de projets sp\u00e9ciaux,\u00a0<a href=\"https:\/\/ecolebranchee.com\/\" target=\"_blank\" rel=\"noopener noreferrer\" data-saferedirecturl=\"https:\/\/www.google.com\/url?q=https:\/\/ecolebranchee.com\/&amp;source=gmail&amp;ust=1699636066581000&amp;usg=AOvVaw0OgEiFR3yJ97wfh1Epu8jo\">L\u2019\u00c9cole Branch\u00e9e<\/a><\/li>\n<li><a href=\"https:\/\/www.linkedin.com\/in\/alexandra-bourassa\/\" target=\"_blank\" rel=\"noopener noreferrer\" data-saferedirecturl=\"https:\/\/www.google.com\/url?q=https:\/\/www.linkedin.com\/in\/alexandra-bourassa\/&amp;source=gmail&amp;ust=1699636066582000&amp;usg=AOvVaw1IsrX5lSJcz_YUwhBVwaSA\">Alexandra Bourassa<\/a>, Conseill\u00e8re jeunesse et communication,\u00a0<a href=\"https:\/\/www.rcjeq.org\/\" target=\"_blank\" rel=\"noopener noreferrer\" data-saferedirecturl=\"https:\/\/www.google.com\/url?q=https:\/\/www.rcjeq.org\/&amp;source=gmail&amp;ust=1699636066582000&amp;usg=AOvVaw088RzdAtcNLScMj8dUbsaO\">R\u00e9seau des carrefours jeunesse-emploi du Qu\u00e9bec<\/a><\/li>\n<li><a href=\"https:\/\/www.linkedin.com\/in\/ajlacombe\/\" target=\"_blank\" rel=\"noopener noreferrer\" data-saferedirecturl=\"https:\/\/www.google.com\/url?q=https:\/\/www.linkedin.com\/in\/ajlacombe\/&amp;source=gmail&amp;ust=1699636066582000&amp;usg=AOvVaw2Ct7AXzVaHM94tZOkBCi4Q\">Anne-Jos\u00e9e Lacombe<\/a>, Charg\u00e9e de projets \u00e9ducatifs,\u00a0<a href=\"https:\/\/www.mcq.org\/fr\/\" target=\"_blank\" rel=\"noopener noreferrer\" data-saferedirecturl=\"https:\/\/www.google.com\/url?q=https:\/\/www.mcq.org\/fr\/&amp;source=gmail&amp;ust=1699636066582000&amp;usg=AOvVaw2Cws8wBKi_ymdX0BGUM7Be\">Mus\u00e9e de la civilisation de Qu\u00e9bec<\/a><\/li>\n<li><a href=\"https:\/\/www.linkedin.com\/in\/albanefrancais\/\" target=\"_blank\" rel=\"noopener noreferrer\" data-saferedirecturl=\"https:\/\/www.google.com\/url?q=https:\/\/www.linkedin.com\/in\/albanefrancais\/&amp;source=gmail&amp;ust=1699636066582000&amp;usg=AOvVaw1d91nwKZP9VFQZzz8hdbiP\">Albane Fran\u00e7ais<\/a>, Directrice des communications et des partenariats,\u00a0<a href=\"https:\/\/polesynthese.com\/fr\/\" target=\"_blank\" rel=\"noopener noreferrer\" data-saferedirecturl=\"https:\/\/www.google.com\/url?q=https:\/\/polesynthese.com\/fr\/&amp;source=gmail&amp;ust=1699636066582000&amp;usg=AOvVaw3B-BGrH23JdyUkcGUfJKzi\">SYNTH\u00c8SE<\/a><\/li>\n<li><a href=\"https:\/\/www.linkedin.com\/in\/st%C3%A9phanie-jecrois-56706737\/\" target=\"_blank\" rel=\"noopener noreferrer\" data-saferedirecturl=\"https:\/\/www.google.com\/url?q=https:\/\/www.linkedin.com\/in\/st%25C3%25A9phanie-jecrois-56706737\/&amp;source=gmail&amp;ust=1699636066582000&amp;usg=AOvVaw0uv_tT4CnwTGlkzDrI5QlK\">St\u00e9phanie Jecrois<\/a>, Cofondatrice et directrice g\u00e9n\u00e9rale,\u00a0<a href=\"https:\/\/www.technovationmontreal.com\/\" target=\"_blank\" rel=\"noopener noreferrer\" data-saferedirecturl=\"https:\/\/www.google.com\/url?q=https:\/\/www.technovationmontreal.com\/&amp;source=gmail&amp;ust=1699636066582000&amp;usg=AOvVaw3zMfvOj0Pl4CjSuDY0Q-vN\">Technovation Montr\u00e9al<\/a><\/li>\n<\/ul>\n<p>&nbsp;<\/p>\n<p>Source :<br \/>\nLeticia Lacroix, Directrice &#8211;\u00a0projets en litt\u00e9ratie num\u00e9rique<br \/>\nPrintemps num\u00e9rique<br \/>\n<a href=\"mailto:leticia@printempsnumerique.ca\" target=\"_blank\" rel=\"noopener noreferrer\">leticia@printempsnumerique.ca<\/a><br \/>\n514-578-8475<\/p>\n","protected":false},"excerpt":{"rendered":"<p>Call for participation! &nbsp; Montreal, November 9, 2023\u00a0&#8211;\u00a0Digital Youth Month\u00a0(DYM) celebrates its 5th anniversary in 2024! From\u00a0February 1 to March 8, young people and the general public will discover numerous\u00a0Quebec initiatives in digital literacy\u00a0and be introduced to the fields of the future.\u00a0Montreal Digital Spring\u00a0(Printemps num\u00e9rique), the initiator of the event, is inviting institutions, schools, organizations&#8230; <a class=\"moretag\" href=\"https:\/\/www.printempsnumerique.ca\/en\/news\/article\/digital-youth-month-2024\/\">Read more<\/a><\/p>\n","protected":false},"author":6,"featured_media":11713,"comment_status":"open","ping_status":"open","sticky":false,"template":"","format":"standard","meta":[],"categories":[244,250],"tags":[],"_links":{"self":[{"href":"https:\/\/www.printempsnumerique.ca\/en\/wp-json\/wp\/v2\/posts\/11657"}],"collection":[{"href":"https:\/\/www.printempsnumerique.ca\/en\/wp-json\/wp\/v2\/posts"}],"about":[{"href":"https:\/\/www.printempsnumerique.ca\/en\/wp-json\/wp\/v2\/types\/post"}],"author":[{"embeddable":true,"href":"https:\/\/www.printempsnumerique.ca\/en\/wp-json\/wp\/v2\/users\/6"}],"replies":[{"embeddable":true,"href":"https:\/\/www.printempsnumerique.ca\/en\/wp-json\/wp\/v2\/comments?post=11657"}],"version-history":[{"count":3,"href":"https:\/\/www.printempsnumerique.ca\/en\/wp-json\/wp\/v2\/posts\/11657\/revisions"}],"predecessor-version":[{"id":11661,"href":"https:\/\/www.printempsnumerique.ca\/en\/wp-json\/wp\/v2\/posts\/11657\/revisions\/11661"}],"wp:featuredmedia":[{"embeddable":true,"href":"https:\/\/www.printempsnumerique.ca\/en\/wp-json\/wp\/v2\/media\/11713"}],"wp:attachment":[{"href":"https:\/\/www.printempsnumerique.ca\/en\/wp-json\/wp\/v2\/media?parent=11657"}],"wp:term":[{"taxonomy":"category","embeddable":true,"href":"https:\/\/www.printempsnumerique.ca\/en\/wp-json\/wp\/v2\/categories?post=11657"},{"taxonomy":"post_tag","embeddable":true,"href":"https:\/\/www.printempsnumerique.ca\/en\/wp-json\/wp\/v2\/tags?post=11657"}],"curies":[{"name":"wp","href":"https:\/\/api.w.org\/{rel}","templated":true}]}}